{"id":2022,"date":"2025-10-20T10:24:54","date_gmt":"2025-10-20T08:24:54","guid":{"rendered":"https:\/\/caman.ai\/?post_type=news&#038;p=2022"},"modified":"2025-10-20T10:26:16","modified_gmt":"2025-10-20T08:26:16","slug":"smart-city-expo-world-congress-2025-in-barcelona","status":"publish","type":"news","link":"https:\/\/caman.ai\/sk\/news\/smart-city-expo-world-congress-2025-in-barcelona\/","title":{"rendered":"Smart City Expo World Congress 2025 in Barcelona"},"content":{"rendered":"","protected":false},"featured_media":2020,"template":"","categories":[],"class_list":["post-2022","news","type-news","status-publish","has-post-thumbnail","hentry"],"acf":[],"yoast_head":"<!-- This site is optimized with the Yoast SEO plugin v27.4 - https:\/\/yoast.com\/product\/yoast-seo-wordpress\/ -->\n<title>Smart City Expo World Congress 2025 in Barcelona &#187; CAMAN<\/title>\n<meta name=\"description\" content=\"We are showcasing CityCAMAN and AI-for-Waste as a member of the Consortium for wAIste and Innovations (CWAI).\" \/>\n<meta name=\"robots\" content=\"index, follow, max-snippet:-1, max-image-preview:large, max-video-preview:-1\" \/>\n<link rel=\"canonical\" href=\"https:\/\/caman.ai\/sk\/news\/smart-city-expo-world-congress-2025-in-barcelona\/\" \/>\n<meta property=\"og:locale\" content=\"sk_SK\" \/>\n<meta property=\"og:type\" content=\"article\" \/>\n<meta property=\"og:title\" content=\"Smart City Expo World Congress 2025 in Barcelona &#187; CAMAN\" \/>\n<meta property=\"og:description\" content=\"We are showcasing CityCAMAN and AI-for-Waste as a member of the Consortium for wAIste and Innovations (CWAI).\" \/>\n<meta property=\"og:url\" content=\"https:\/\/caman.ai\/sk\/news\/smart-city-expo-world-congress-2025-in-barcelona\/\" \/>\n<meta property=\"og:site_name\" content=\"CAMAN\" \/>\n<meta property=\"article:modified_time\" content=\"2025-10-20T08:26:16+00:00\" \/>\n<meta property=\"og:image\" content=\"https:\/\/caman.ai\/wp-content\/uploads\/2025\/10\/caman-news_image-13.webp\" \/>\n\t<meta property=\"og:image:width\" content=\"1200\" \/>\n\t<meta property=\"og:image:height\" content=\"630\" \/>\n\t<meta property=\"og:image:type\" content=\"image\/webp\" \/>\n<meta name=\"twitter:card\" content=\"summary_large_image\" \/>\n<meta name=\"twitter:label1\" content=\"Predpokladan\u00fd \u010das \u010d\u00edtania\" \/>\n\t<meta name=\"twitter:data1\" content=\"1 min\u00fata\" \/>\n<script type=\"application\/ld+json\" class=\"yoast-schema-graph\">{\"@context\":\"https:\\\/\\\/schema.org\",\"@graph\":[{\"@type\":\"WebPage\",\"@id\":\"https:\\\/\\\/caman.ai\\\/news\\\/smart-city-expo-world-congress-2025-in-barcelona\\\/\",\"url\":\"https:\\\/\\\/caman.ai\\\/news\\\/smart-city-expo-world-congress-2025-in-barcelona\\\/\",\"name\":\"Smart City Expo World Congress 2025 in Barcelona &#187; CAMAN\",\"isPartOf\":{\"@id\":\"https:\\\/\\\/caman.ai\\\/#website\"},\"primaryImageOfPage\":{\"@id\":\"https:\\\/\\\/caman.ai\\\/news\\\/smart-city-expo-world-congress-2025-in-barcelona\\\/#primaryimage\"},\"image\":{\"@id\":\"https:\\\/\\\/caman.ai\\\/news\\\/smart-city-expo-world-congress-2025-in-barcelona\\\/#primaryimage\"},\"thumbnailUrl\":\"https:\\\/\\\/caman.ai\\\/wp-content\\\/uploads\\\/2025\\\/10\\\/caman-news_image-13.webp\",\"datePublished\":\"2025-10-20T08:24:54+00:00\",\"dateModified\":\"2025-10-20T08:26:16+00:00\",\"description\":\"We are showcasing CityCAMAN and AI-for-Waste as a member of the Consortium for wAIste and Innovations (CWAI).\",\"breadcrumb\":{\"@id\":\"https:\\\/\\\/caman.ai\\\/news\\\/smart-city-expo-world-congress-2025-in-barcelona\\\/#breadcrumb\"},\"inLanguage\":\"sk-SK\",\"potentialAction\":[{\"@type\":\"ReadAction\",\"target\":[\"https:\\\/\\\/caman.ai\\\/news\\\/smart-city-expo-world-congress-2025-in-barcelona\\\/\"]}]},{\"@type\":\"ImageObject\",\"inLanguage\":\"sk-SK\",\"@id\":\"https:\\\/\\\/caman.ai\\\/news\\\/smart-city-expo-world-congress-2025-in-barcelona\\\/#primaryimage\",\"url\":\"https:\\\/\\\/caman.ai\\\/wp-content\\\/uploads\\\/2025\\\/10\\\/caman-news_image-13.webp\",\"contentUrl\":\"https:\\\/\\\/caman.ai\\\/wp-content\\\/uploads\\\/2025\\\/10\\\/caman-news_image-13.webp\",\"width\":1200,\"height\":630},{\"@type\":\"BreadcrumbList\",\"@id\":\"https:\\\/\\\/caman.ai\\\/news\\\/smart-city-expo-world-congress-2025-in-barcelona\\\/#breadcrumb\",\"itemListElement\":[{\"@type\":\"ListItem\",\"position\":1,\"name\":\"Domovsk\u00e1 str\u00e1nka\",\"item\":\"https:\\\/\\\/caman.ai\\\/\"},{\"@type\":\"ListItem\",\"position\":2,\"name\":\"Smart City Expo World Congress 2025 in Barcelona\"}]},{\"@type\":\"WebSite\",\"@id\":\"https:\\\/\\\/caman.ai\\\/#website\",\"url\":\"https:\\\/\\\/caman.ai\\\/\",\"name\":\"CAMAN\",\"description\":\"AI &amp; Deep Learning Camera Analytics\",\"publisher\":{\"@id\":\"https:\\\/\\\/caman.ai\\\/#organization\"},\"potentialAction\":[{\"@type\":\"SearchAction\",\"target\":{\"@type\":\"EntryPoint\",\"urlTemplate\":\"https:\\\/\\\/caman.ai\\\/?s={search_term_string}\"},\"query-input\":{\"@type\":\"PropertyValueSpecification\",\"valueRequired\":true,\"valueName\":\"search_term_string\"}}],\"inLanguage\":\"sk-SK\"},{\"@type\":\"Organization\",\"@id\":\"https:\\\/\\\/caman.ai\\\/#organization\",\"name\":\"CAMAN\",\"url\":\"https:\\\/\\\/caman.ai\\\/\",\"logo\":{\"@type\":\"ImageObject\",\"inLanguage\":\"sk-SK\",\"@id\":\"https:\\\/\\\/caman.ai\\\/#\\\/schema\\\/logo\\\/image\\\/\",\"url\":\"https:\\\/\\\/caman.ai\\\/wp-content\\\/uploads\\\/2023\\\/04\\\/caman-logo.svg\",\"contentUrl\":\"https:\\\/\\\/caman.ai\\\/wp-content\\\/uploads\\\/2023\\\/04\\\/caman-logo.svg\",\"width\":1250,\"height\":347,\"caption\":\"CAMAN\"},\"image\":{\"@id\":\"https:\\\/\\\/caman.ai\\\/#\\\/schema\\\/logo\\\/image\\\/\"}}]}<\/script>\n<!-- \/ Yoast SEO plugin. -->","yoast_head_json":{"title":"Smart City Expo World Congress 2025 in Barcelona &#187; CAMAN","description":"We are showcasing CityCAMAN and AI-for-Waste as a member of the Consortium for wAIste and Innovations (CWAI).","robots":{"index":"index","follow":"follow","max-snippet":"max-snippet:-1","max-image-preview":"max-image-preview:large","max-video-preview":"max-video-preview:-1"},"canonical":"https:\/\/caman.ai\/sk\/news\/smart-city-expo-world-congress-2025-in-barcelona\/","og_locale":"sk_SK","og_type":"article","og_title":"Smart City Expo World Congress 2025 in Barcelona &#187; CAMAN","og_description":"We are showcasing CityCAMAN and AI-for-Waste as a member of the Consortium for wAIste and Innovations (CWAI).","og_url":"https:\/\/caman.ai\/sk\/news\/smart-city-expo-world-congress-2025-in-barcelona\/","og_site_name":"CAMAN","article_modified_time":"2025-10-20T08:26:16+00:00","og_image":[{"width":1200,"height":630,"url":"https:\/\/caman.ai\/wp-content\/uploads\/2025\/10\/caman-news_image-13.webp","type":"image\/webp"}],"twitter_card":"summary_large_image","twitter_misc":{"Predpokladan\u00fd \u010das \u010d\u00edtania":"1 min\u00fata"},"schema":{"@context":"https:\/\/schema.org","@graph":[{"@type":"WebPage","@id":"https:\/\/caman.ai\/news\/smart-city-expo-world-congress-2025-in-barcelona\/","url":"https:\/\/caman.ai\/news\/smart-city-expo-world-congress-2025-in-barcelona\/","name":"Smart City Expo World Congress 2025 in Barcelona &#187; CAMAN","isPartOf":{"@id":"https:\/\/caman.ai\/#website"},"primaryImageOfPage":{"@id":"https:\/\/caman.ai\/news\/smart-city-expo-world-congress-2025-in-barcelona\/#primaryimage"},"image":{"@id":"https:\/\/caman.ai\/news\/smart-city-expo-world-congress-2025-in-barcelona\/#primaryimage"},"thumbnailUrl":"https:\/\/caman.ai\/wp-content\/uploads\/2025\/10\/caman-news_image-13.webp","datePublished":"2025-10-20T08:24:54+00:00","dateModified":"2025-10-20T08:26:16+00:00","description":"We are showcasing CityCAMAN and AI-for-Waste as a member of the Consortium for wAIste and Innovations (CWAI).","breadcrumb":{"@id":"https:\/\/caman.ai\/news\/smart-city-expo-world-congress-2025-in-barcelona\/#breadcrumb"},"inLanguage":"sk-SK","potentialAction":[{"@type":"ReadAction","target":["https:\/\/caman.ai\/news\/smart-city-expo-world-congress-2025-in-barcelona\/"]}]},{"@type":"ImageObject","inLanguage":"sk-SK","@id":"https:\/\/caman.ai\/news\/smart-city-expo-world-congress-2025-in-barcelona\/#primaryimage","url":"https:\/\/caman.ai\/wp-content\/uploads\/2025\/10\/caman-news_image-13.webp","contentUrl":"https:\/\/caman.ai\/wp-content\/uploads\/2025\/10\/caman-news_image-13.webp","width":1200,"height":630},{"@type":"BreadcrumbList","@id":"https:\/\/caman.ai\/news\/smart-city-expo-world-congress-2025-in-barcelona\/#breadcrumb","itemListElement":[{"@type":"ListItem","position":1,"name":"Domovsk\u00e1 str\u00e1nka","item":"https:\/\/caman.ai\/"},{"@type":"ListItem","position":2,"name":"Smart City Expo World Congress 2025 in Barcelona"}]},{"@type":"WebSite","@id":"https:\/\/caman.ai\/#website","url":"https:\/\/caman.ai\/","name":"CAMAN","description":"AI &amp; Deep Learning Camera Analytics","publisher":{"@id":"https:\/\/caman.ai\/#organization"},"potentialAction":[{"@type":"SearchAction","target":{"@type":"EntryPoint","urlTemplate":"https:\/\/caman.ai\/?s={search_term_string}"},"query-input":{"@type":"PropertyValueSpecification","valueRequired":true,"valueName":"search_term_string"}}],"inLanguage":"sk-SK"},{"@type":"Organization","@id":"https:\/\/caman.ai\/#organization","name":"CAMAN","url":"https:\/\/caman.ai\/","logo":{"@type":"ImageObject","inLanguage":"sk-SK","@id":"https:\/\/caman.ai\/#\/schema\/logo\/image\/","url":"https:\/\/caman.ai\/wp-content\/uploads\/2023\/04\/caman-logo.svg","contentUrl":"https:\/\/caman.ai\/wp-content\/uploads\/2023\/04\/caman-logo.svg","width":1250,"height":347,"caption":"CAMAN"},"image":{"@id":"https:\/\/caman.ai\/#\/schema\/logo\/image\/"}}]}},"_links":{"self":[{"href":"https:\/\/caman.ai\/sk\/wp-json\/wp\/v2\/news\/2022","targetHints":{"allow":["GET"]}}],"collection":[{"href":"https:\/\/caman.ai\/sk\/wp-json\/wp\/v2\/news"}],"about":[{"href":"https:\/\/caman.ai\/sk\/wp-json\/wp\/v2\/types\/news"}],"wp:featuredmedia":[{"embeddable":true,"href":"https:\/\/caman.ai\/sk\/wp-json\/wp\/v2\/media\/2020"}],"wp:attachment":[{"href":"https:\/\/caman.ai\/sk\/wp-json\/wp\/v2\/media?parent=2022"}],"wp:term":[{"taxonomy":"category","embeddable":true,"href":"https:\/\/caman.ai\/sk\/wp-json\/wp\/v2\/categories?post=2022"}],"curies":[{"name":"wp","href":"https:\/\/api.w.org\/{rel}","templated":true}]}}